{"id":1491,"date":"2015-08-31T13:08:51","date_gmt":"2015-08-31T13:08:51","guid":{"rendered":"http:\/\/project4.pixelsenbytes.nl\/wordpress\/?p=1491"},"modified":"2019-05-08T11:51:23","modified_gmt":"2019-05-08T11:51:23","slug":"garcia-estuvo-presente-en-la-v-reunion-tecnica-bananera-de-colombia","status":"publish","type":"post","link":"https:\/\/fusariumwilt.org\/index.php\/es\/2015\/08\/31\/garcia-estuvo-presente-en-la-v-reunion-tecnica-bananera-de-colombia\/","title":{"rendered":"Garc\u00eda estuvo presente en la V reuni\u00f3n t\u00e9cnica bananera de Colombia"},"content":{"rendered":"\n\t\t<style type=\"text\/css\">\n\t\t\t#gallery-1 {\n\t\t\t\tmargin: auto;\n\t\t\t}\n\t\t\t#gallery-1 .gallery-item {\n\t\t\t\tfloat: left;\n\t\t\t\tmargin-top: 10px;\n\t\t\t\ttext-align: center;\n\t\t\t\twidth: 33%;\n\t\t\t}\n\t\t\t#gallery-1 img {\n\t\t\t\tborder: 2px solid #cfcfcf;\n\t\t\t}\n\t\t\t#gallery-1 .gallery-caption {\n\t\t\t\tmargin-left: 0;\n\t\t\t}\n\t\t\t\/* see gallery_shortcode() in wp-includes\/media.php *\/\n\t\t<\/style>\n\t\t<div id='gallery-1' class='gallery galleryid-1491 gallery-columns-3 gallery-size-thumbnail'><dl class='gallery-item'>\n\t\t\t<dt class='gallery-icon landscape'>\n\t\t\t\t<a href='https:\/\/fusariumwilt.org\/index.php\/es\/2015\/08\/31\/garcia-estuvo-presente-en-la-v-reunion-tecnica-bananera-de-colombia\/group-2\/'><img loading=\"lazy\" decoding=\"async\" width=\"150\" height=\"150\" src=\"https:\/\/fusariumwilt.org\/wp-content\/uploads\/2015\/08\/Group-1-1-150x150.jpg\" class=\"attachment-thumbnail size-thumbnail\" alt=\"Fernando Garcia with group in Colombia\" srcset=\"https:\/\/fusariumwilt.org\/wp-content\/uploads\/2015\/08\/Group-1-1-150x150.jpg 150w, https:\/\/fusariumwilt.org\/wp-content\/uploads\/2015\/08\/Group-1-1-250x250.jpg 250w\" sizes=\"auto, (max-width: 150px) 100vw, 150px\" \/><\/a>\n\t\t\t<\/dt><\/dl>\n\t\t\t<br style='clear: both' \/>\n\t\t<\/div>\n\n<p class=\"bold\">Fernando Garc\u00eda , estudiante de doctorado de la universidad y centro de investigaci\u00f3n de Wageningen , visit\u00f3 la ciudad de Santa Marta en Colombia como representante del equipo de investigaci\u00f3n en banano en esta universidad. Fernando fue invitado por <a href=\"http:\/\/www.augura.com.co\/\" target=\"_blank\">AUGURA<\/a>, la asociaci\u00f3n de bananeros de Colombia, para participar de la conferencia ofrecida los d\u00edas 12 al 14 de Agosto en dicha ciudad y as\u00ed discutir los avances de la investigaci\u00f3n llevada a cabo en Holanda y en otros pa\u00edses con un enfoque especial hacia la investigaci\u00f3n en el tema relacionado al Mal de Panam\u00e1.<\/p>\n<p>La reuni\u00f3n estuvo enmarcada dentro de la \u201cV reuni\u00f3n t\u00e9cnica banenera de Colombia\u201d. En esta reuni\u00f3n varias entidades nacionales e internacionales estuvieron presentes dando a conocer los \u00faltimos datos y avances en cuanto a la situaci\u00f3n del sector bananero en Colombia, incluyendo la situaci\u00f3n actual con la amenaza de la Raza 4 Tropical de Fusarium oxysporum f. sp. cubense (RT4).<\/p>\n<p>Los recientes brotes de RT4 ( Mozambique, Pakist\u00e1n, L\u00edbano y Australia), las frecuente visita de productores bananeros y de servicio de proveedores a esta regi\u00f3n as\u00ed como tambi\u00e9n la constante interacci\u00f3n entre la comunidad bananera en regiones productoras que est\u00e1n siendo afectadas actualmente por RT4 han incentivado a AUGURA a incluir el tema de la enfermedad del Mal de Panam\u00e1 como punto clave en esta reuni\u00f3n t\u00e9cnica y acad\u00e9mica, permitiendo de esta manera abordar la situaci\u00f3n actual en Colombia y fomentar as\u00ed la discusi\u00f3n y un estado de alerta.<\/p>\n<p>Durante los \u00faltimos a\u00f1os el equipo de investigaci\u00f3n en banano, bajo la direcci\u00f3n de Gert Kema, han establecido fuertes lazos con AUGURA, <a href=\"http:\/\/www.cib.org.co\/web\/\" target=\"_blank\">La Corporaci\u00f3n para investigaciones Biol\u00f3gicas (CIB)<\/a> y la universidad Nacional sede Medell\u00edn (UNNAL-Med), estas instituciones hacen parte del proyecto <a href=\"http:\/\/project1.pixelsenbytes.nl\/es\/research.html\">INREF<\/a> y estuvieron presentes en una reuni\u00f3n privada en la cual se presentaron todos los datos referentes al tema de diagnostico, las cuales est\u00e1n siendo llevadas a cabo en la Universidad Wageningen. A esta reuni\u00f3n tambi\u00e9n asistieron representantes del <a href=\"http:\/\/medellin.unal.edu.co\/\" target=\"_blank\">Instituto Colombiano Agropecuario<\/a> (ICA) y <a href=\"http:\/\/www.solidaridadnetwork.org\/\" target=\"_blank\">Solidaridad<\/a>.<\/p>\n<p>Si tiene alguna pregunta, por favor, p\u00f3ngase en contacto con <a href=\"mailto:fernando.garciabastidas@wur.nl\">Garc\u00eda<\/a>.<\/p>\n<p>&nbsp;<\/p>\n<p><a href=\"http:\/\/www.fusariumwilt.org\/index.php\/es\/noticias\/\">Volver a la p\u00e1gina de noticias<\/a><\/p>\n","protected":false},"excerpt":{"rendered":"<p>Fernando Garc\u00eda , estudiante de doctorado de la universidad y centro de investigaci\u00f3n de Wageningen , visit\u00f3 la ciudad de Santa Marta en Colombia como representante del equipo de investigaci\u00f3n en banano en esta universidad. Fernando fue invitado por AUGURA, la asociaci\u00f3n de bananeros de Colombia, para participar de la conferencia ofrecida los d\u00edas 12 [&hellip;]<\/p>\n","protected":false},"author":1,"featured_media":0,"comment_status":"closed","ping_status":"closed","sticky":false,"template":"","format":"gallery","meta":{"_et_pb_use_builder":"","_et_pb_old_content":"","_et_gb_content_width":"","_uf_show_specific_survey":0,"_uf_disable_surveys":false,"iawp_total_views":0,"footnotes":""},"categories":[42],"tags":[],"class_list":["post-1491","post","type-post","status-publish","format-gallery","hentry","category-reunion","post_format-post-format-gallery"],"aioseo_notices":[],"_links":{"self":[{"href":"https:\/\/fusariumwilt.org\/index.php\/wp-json\/wp\/v2\/posts\/1491","targetHints":{"allow":["GET"]}}],"collection":[{"href":"https:\/\/fusariumwilt.org\/index.php\/wp-json\/wp\/v2\/posts"}],"about":[{"href":"https:\/\/fusariumwilt.org\/index.php\/wp-json\/wp\/v2\/types\/post"}],"author":[{"embeddable":true,"href":"https:\/\/fusariumwilt.org\/index.php\/wp-json\/wp\/v2\/users\/1"}],"replies":[{"embeddable":true,"href":"https:\/\/fusariumwilt.org\/index.php\/wp-json\/wp\/v2\/comments?post=1491"}],"version-history":[{"count":1,"href":"https:\/\/fusariumwilt.org\/index.php\/wp-json\/wp\/v2\/posts\/1491\/revisions"}],"predecessor-version":[{"id":1934,"href":"https:\/\/fusariumwilt.org\/index.php\/wp-json\/wp\/v2\/posts\/1491\/revisions\/1934"}],"wp:attachment":[{"href":"https:\/\/fusariumwilt.org\/index.php\/wp-json\/wp\/v2\/media?parent=1491"}],"wp:term":[{"taxonomy":"category","embeddable":true,"href":"https:\/\/fusariumwilt.org\/index.php\/wp-json\/wp\/v2\/categories?post=1491"},{"taxonomy":"post_tag","embeddable":true,"href":"https:\/\/fusariumwilt.org\/index.php\/wp-json\/wp\/v2\/tags?post=1491"}],"curies":[{"name":"wp","href":"https:\/\/api.w.org\/{rel}","templated":true}]}}